{"id":5352,"date":"2018-09-18T10:27:28","date_gmt":"2018-09-18T08:27:28","guid":{"rendered":"https:\/\/bodegamagalartezamudio.com\/los-origenes-de-magalarte-zamudio\/"},"modified":"2018-09-18T10:27:28","modified_gmt":"2018-09-18T08:27:28","slug":"los-origenes-de-magalarte-zamudio","status":"publish","type":"post","link":"https:\/\/bodegamagalartezamudio.com\/eu\/los-origenes-de-magalarte-zamudio\/","title":{"rendered":"Los or\u00edgenes de Magalarte Zamudio."},"content":{"rendered":"<p class=\"p1\"><span class=\"s1\">No podemos datar con una fecha exacta el <b>nacimiento de la bodega<\/b>, lo que s\u00ed sabemos es que todo empez\u00f3 cuando <b>Nikolas Aretxabaleta Zarraga<\/b> (Zamudio, 1864) decidi\u00f3 seguir con el legado de su padre Jos\u00e9, que ven\u00eda trabajando a\u00f1os atr\u00e1s la vi\u00f1a en <b>Magalarte<\/b>.<\/span><!--more--><\/p>\n<p class=\"p1\"><span class=\"s1\">Nikolas hered\u00f3 esa <b>pasi\u00f3n por el txakoli<\/b> y profesionaliz\u00f3 la bodega a lo largo de la segunda mitad del<b> siglo XIX<\/b>. En esta imagen coloreada pod\u00e9is ver a Nikolas sosteniendo la<b> t\u00edpica jarra de txakol<\/b>i, imagen que todav\u00eda hoy utilizamos en <b>nuestra etiqueta<\/b>. <\/span><\/p>\n<p class=\"p1\"><span class=\"s1\">Por\u200b \u200btodo ese legado hist\u00f3rico al que le tenemos un <b>amor incalculable<\/b>,\u200b \u200bhemos\u200b \u200bdecidido\u200b \u200bmantener\u200b \u200bsiempre\u200b \u200bnuestra\u200b \u200bbodega\u200b \u200ben\u200b \u200bel\u200b \u200bmunicipio\u200b \u200bque\u200b \u200bnos\u200b \u200b<b>vio\u200b \u200bnacer<\/b>. <\/span><\/p>\n<p class=\"p1\"><span class=\"s1\">Pese\u200b \u200ba\u200b \u200bque\u200b \u200b\u200bZamudio\u200b\u200b \u200bes\u200b \u200buna\u200b \u200btierra\u200b \u200bhist\u00f3ricamente\u200b \u200bcubierta\u200b \u200bde\u200b \u200bvides,\u200b <b>\u200bsomos\u200b\u200b \u200bla\u200b \u200b\u00fanica\u200b \u200bbodega<\/b>\u200b\u200b \u200bque queda\u200b \u200btodo\u200b \u200bel\u200b \u200bmunicipio.\u200b \u200bSomos\u200b \u200bpor\u200b \u200blo\u200b \u200btanto\u200b \u200bresponsables\u200b \u200bde\u200b<b> \u200bmantener\u200b \u200buna\u200b \u200bhistoria\u200b <\/b>\u200by\u200b \u200btransmitirla\u200b \u200ba <b>generaciones\u200b \u200bfuturas<\/b>.\u00a0<\/span><\/p>\n<p class=\"p1\"><span class=\"s1\">El\u200b<b> \u200bcaser\u00edo\u200b \u200bMagalarte<\/b>,\u200b \u200borigen\u200b \u200bde\u200b \u200bla\u200b \u200bbodega,\u200b \u200bse\u200b \u200bencuentra\u200b \u200ben\u200b \u200blo\u200b \u200bque\u200b \u200bactualmente\u200b \u200bse\u200b \u200bconoce\u200b \u200bcomo <b>Galbarriatu<\/b>\u200b,\u200b \u200baunque\u200b \u200ben\u200b \u200bla\u200b \u200b\u00e9poca\u200b \u200bde\u200b \u200bla\u200b \u200bfundaci\u00f3n\u200b \u200bde\u200b \u200bla\u200b \u200bbodega\u200b \u200bla\u200b \u200bzona\u200b \u200bera\u200b \u200bconocida\u200b \u200bcomo <b>Ugaldeguren\u200b<\/b> \u200b(en\u200b \u200baqu\u00e9l\u200b \u200bmomento\u200b \u200bla\u200b \u200banteiglesia\u200b \u200bde\u200b \u200b\u200bZamudio\u200b\u200b \u200bestaba\u200b \u200bconstitu\u00edda\u200b \u200bpor\u200b \u200blos\u200b \u200bbarrios\u200b \u200bde Arenolza,\u200b \u200bDa\u00f1o,\u200b \u200bGeldos\u200b \u200by\u200b \u200bel\u200b \u200bmencionado\u200b \u200bUgaldeguren)\u200b \u200b.\u200b \u200bA\u200b \u200bd\u00eda\u200b \u200bde\u200b \u200bhoy\u200b \u200bel\u200b \u200bbaserri\u200b \u200boriginal\u200b \u200bha\u200b \u200bdejado\u200b \u200bde lado\u200b \u200bsu\u200b \u200bfunci\u00f3n\u200b \u200bde\u200b \u200bbodega,\u200b \u200bpero\u200b \u200bsigue\u200b \u200bestando\u200b \u200b<b>rodeado\u200b \u200bde\u200b \u200bvi\u00f1edos\u200b \u200b<\/b>cuya\u200b \u200buva\u200b \u200butilizamos\u200b \u200ben\u200b \u200bnuestros vinos.<\/span><\/p>\n<p class=\"p1\"><span class=\"s1\">En\u200b \u200bcuanto\u200b \u200bal\u200b<b> \u200borigen\u200b \u200bdel\u200b \u200bnombre\u200b <\/b>\u200b\u200bMagalarte\u200b,\u200b \u200bpoco\u200b \u200bse\u200b \u200bsabe.\u200b \u200bHay\u200b \u200bciertas\u200b \u200breferencias\u200b \u200bbibliogr\u00e1ficas\u200b \u200bque alumbran\u200b \u200bsu\u200b \u200bsignificado.\u200b \u200bLa\u200b \u200benciclopedia\u200b \u200bgeneral\u200b \u200bilustrada\u200b \u200bde\u200b <b>\u200bAu\u00f1amendi\u200b <\/b>\u200bcuenta\u200b \u200bque\u200b \u200bel\u200b <b>\u200btop\u00f3nimo<\/b> Magalarte\u200b \u200best\u00e1\u200b \u200bconstitu\u00eddo\u200b \u200bpor\u200b \u200bla\u200b \u200bra\u00edz\u200b\u200b \u200b <b>Magal\u200b<\/b> \u200b\u200b que\u200b \u200bsignifica\u200b \u200b\u201cruedo\u201d,\u200b \u200b\u201cregazo\u201d,\u200b \u200b\u201c<b>falda<\/b>\u201d\u200b \u200bo\u200b \u200b\u201cala\u201d.\u200b \u200bPor\u200b \u200bsu parte\u200b \u200bel\u200b \u200banuario\u200b \u200bdel\u200b \u200bSeminario\u200b \u200bde\u200b \u200bfilolog\u00eda\u200b \u200bvasca\u200b \u200b\u201cJulio\u200b \u200bde\u200b \u200bUrquijo\u201d\u200b \u200ba\u00f1ade\u200b \u200bque\u200b \u200b\u200bMagalarte\u200b \u200b\u200bpuede significar\u200b \u200b\u201c<b>parte\u200b \u200bbaja\u200b \u200bo\u200b \u200binferior\u200b \u200bde\u200b \u200bla\u200b \u200bmonta\u00f1a<\/b>\u201d,\u200b \u200bderivando\u200b \u200bde\u200b \u200bla\u200b \u200bestribaci\u00f3n\u200b \u200boccidental\u200b \u200bdel\u200b \u200bprefijo\u200b \u200b\u200bMag\u200b , que\u200b \u200bser\u00eda\u200b \u200b\u201cmonta\u00f1a\u201d,\u200b \u200b\u201ccolina\u201d.\u200b \u200bEl\u200b \u200bcaser\u00edo\u200b \u200bde\u200b \u200bnuestros\u200b \u200bor\u00edgenes\u200b \u200bse\u200b \u200bsit\u00faa\u200b \u200ben\u200b \u200bla\u200b<b> \u200bparte\u200b \u200bbaja\u200b \u200bdel\u200b \u200b\u200bmonte Avril\u200b<\/b>.\u200b \u200b\u00bfCasualidad? <\/span><\/p>\n<p class=\"p1\"><span class=\"s1\">A\u200b \u200bpesar\u200b \u200bdel\u200b \u200bpeso\u200b \u200bde\u200b toda esta\u200b \u200b\u200btradici\u00f3n\u200b,\u200b \u200btenemos\u200b \u200bnuestras\u200b \u200bmiras\u200b \u200bpuestas\u200b \u200ben\u200b \u200bel\u200b<b> \u200bfuturo<\/b>.\u200b <b>\u200b\u200bMagalarte\u200b \u200bZamudio <\/b>es\u200b \u200buna\u200b \u200bbodega\u200b \u200bcon\u200b \u200bhistoria,\u200b \u200bpero\u200b \u200badaptada\u200b \u200ba\u200b \u200blos\u200b \u200btiempos\u200b \u200by\u200b \u200bgustos\u200b \u200bactuales. <\/span><\/p>\n","protected":false},"excerpt":{"rendered":"<p>No podemos datar con una fecha exacta el nacimiento de la bodega, lo que s\u00ed sabemos es que todo empez\u00f3 cuando Nikolas Aretxabaleta Zarraga (Zamudio, 1864) decidi\u00f3 seguir con el&#8230;<\/p>\n","protected":false},"author":1,"featured_media":5090,"comment_status":"open","ping_status":"closed","sticky":false,"template":"","format":"standard","meta":{"footnotes":""},"categories":[100],"tags":[104,103,94,93,95],"class_list":{"0":"post-5352","1":"post","2":"type-post","3":"status-publish","4":"format-standard","5":"has-post-thumbnail","7":"category-opinion-eu","8":"tag-bilbao-eu","9":"tag-bodega-eu","10":"tag-magalarte-eu","11":"tag-txakoli-eu","12":"tag-zamudio-eu"},"yoast_head":"<!-- This site is optimized with the Yoast SEO plugin v24.8.1 - https:\/\/yoast.com\/wordpress\/plugins\/seo\/ -->\n<title>Los or\u00edgenes de Magalarte Zamudio. - Magalarte Zamudio<\/title>\n<meta name=\"description\" content=\"No podemos datar con una fecha exacta el nacimiento de la bodega. Yodo empez\u00f3 cuando Nikolas Aretxabaleta decidi\u00f3 seguir con el legado de su padre Jos\u00e9\" \/>\n<meta name=\"robots\" content=\"index, follow, max-snippet:-1, max-image-preview:large, max-video-preview:-1\" \/>\n<link rel=\"canonical\" href=\"https:\/\/bodegamagalartezamudio.com\/eu\/los-origenes-de-magalarte-zamudio\/\" \/>\n<meta property=\"og:locale\" content=\"eu_ES\" \/>\n<meta property=\"og:type\" content=\"article\" \/>\n<meta property=\"og:title\" content=\"Los or\u00edgenes de Magalarte Zamudio. - Magalarte Zamudio\" \/>\n<meta property=\"og:description\" content=\"No podemos datar con una fecha exacta el nacimiento de la bodega. Yodo empez\u00f3 cuando Nikolas Aretxabaleta decidi\u00f3 seguir con el legado de su padre Jos\u00e9\" \/>\n<meta property=\"og:url\" content=\"https:\/\/bodegamagalartezamudio.com\/eu\/los-origenes-de-magalarte-zamudio\/\" \/>\n<meta property=\"og:site_name\" content=\"Magalarte Zamudio\" \/>\n<meta property=\"article:publisher\" content=\"https:\/\/www.facebook.com\/magalartezamudio\/\" \/>\n<meta property=\"article:published_time\" content=\"2018-09-18T08:27:28+00:00\" \/>\n<meta property=\"og:image\" content=\"https:\/\/bodegamagalartezamudio.com\/wp-content\/uploads\/2017\/10\/20645580_430240460709411_7594847240928178421_o.jpg\" \/>\n\t<meta property=\"og:image:width\" content=\"2048\" \/>\n\t<meta property=\"og:image:height\" content=\"1144\" \/>\n\t<meta property=\"og:image:type\" content=\"image\/jpeg\" \/>\n<meta name=\"author\" content=\"magalarte_zamudio\" \/>\n<meta name=\"twitter:card\" content=\"summary_large_image\" \/>\n<meta name=\"twitter:label1\" content=\"Written by\" \/>\n\t<meta name=\"twitter:data1\" content=\"magalarte_zamudio\" \/>\n\t<meta name=\"twitter:label2\" content=\"Est. reading time\" \/>\n\t<meta name=\"twitter:data2\" content=\"2 minutes\" \/>\n<script type=\"application\/ld+json\" class=\"yoast-schema-graph\">{\"@context\":\"https:\/\/schema.org\",\"@graph\":[{\"@type\":\"Article\",\"@id\":\"https:\/\/bodegamagalartezamudio.com\/eu\/los-origenes-de-magalarte-zamudio\/#article\",\"isPartOf\":{\"@id\":\"https:\/\/bodegamagalartezamudio.com\/eu\/los-origenes-de-magalarte-zamudio\/\"},\"author\":{\"name\":\"magalarte_zamudio\",\"@id\":\"https:\/\/bodegamagalartezamudio.com\/#\/schema\/person\/d8a6a952eb4e1af924bbbcf72224c6b2\"},\"headline\":\"Los or\u00edgenes de Magalarte Zamudio.\",\"datePublished\":\"2018-09-18T08:27:28+00:00\",\"mainEntityOfPage\":{\"@id\":\"https:\/\/bodegamagalartezamudio.com\/eu\/los-origenes-de-magalarte-zamudio\/\"},\"wordCount\":388,\"commentCount\":0,\"publisher\":{\"@id\":\"https:\/\/bodegamagalartezamudio.com\/#organization\"},\"image\":{\"@id\":\"https:\/\/bodegamagalartezamudio.com\/eu\/los-origenes-de-magalarte-zamudio\/#primaryimage\"},\"thumbnailUrl\":\"https:\/\/bodegamagalartezamudio.com\/wp-content\/uploads\/2017\/10\/20645580_430240460709411_7594847240928178421_o.jpg\",\"keywords\":[\"bilbao\",\"bodega\",\"Magalarte\",\"txakoli\",\"Zamudio\"],\"articleSection\":[\"Opini\u00f3n\"],\"inLanguage\":\"eu-ES\"},{\"@type\":\"WebPage\",\"@id\":\"https:\/\/bodegamagalartezamudio.com\/eu\/los-origenes-de-magalarte-zamudio\/\",\"url\":\"https:\/\/bodegamagalartezamudio.com\/eu\/los-origenes-de-magalarte-zamudio\/\",\"name\":\"Los or\u00edgenes de Magalarte Zamudio. - Magalarte Zamudio\",\"isPartOf\":{\"@id\":\"https:\/\/bodegamagalartezamudio.com\/#website\"},\"primaryImageOfPage\":{\"@id\":\"https:\/\/bodegamagalartezamudio.com\/eu\/los-origenes-de-magalarte-zamudio\/#primaryimage\"},\"image\":{\"@id\":\"https:\/\/bodegamagalartezamudio.com\/eu\/los-origenes-de-magalarte-zamudio\/#primaryimage\"},\"thumbnailUrl\":\"https:\/\/bodegamagalartezamudio.com\/wp-content\/uploads\/2017\/10\/20645580_430240460709411_7594847240928178421_o.jpg\",\"datePublished\":\"2018-09-18T08:27:28+00:00\",\"description\":\"No podemos datar con una fecha exacta el nacimiento de la bodega. Yodo empez\u00f3 cuando Nikolas Aretxabaleta decidi\u00f3 seguir con el legado de su padre Jos\u00e9\",\"breadcrumb\":{\"@id\":\"https:\/\/bodegamagalartezamudio.com\/eu\/los-origenes-de-magalarte-zamudio\/#breadcrumb\"},\"inLanguage\":\"eu-ES\",\"potentialAction\":[{\"@type\":\"ReadAction\",\"target\":[\"https:\/\/bodegamagalartezamudio.com\/eu\/los-origenes-de-magalarte-zamudio\/\"]}]},{\"@type\":\"ImageObject\",\"inLanguage\":\"eu-ES\",\"@id\":\"https:\/\/bodegamagalartezamudio.com\/eu\/los-origenes-de-magalarte-zamudio\/#primaryimage\",\"url\":\"https:\/\/bodegamagalartezamudio.com\/wp-content\/uploads\/2017\/10\/20645580_430240460709411_7594847240928178421_o.jpg\",\"contentUrl\":\"https:\/\/bodegamagalartezamudio.com\/wp-content\/uploads\/2017\/10\/20645580_430240460709411_7594847240928178421_o.jpg\",\"width\":2048,\"height\":1144,\"caption\":\"Txakoli Zabalondo Bodega Magalarte Zamudio iglesia\"},{\"@type\":\"BreadcrumbList\",\"@id\":\"https:\/\/bodegamagalartezamudio.com\/eu\/los-origenes-de-magalarte-zamudio\/#breadcrumb\",\"itemListElement\":[{\"@type\":\"ListItem\",\"position\":1,\"name\":\"Portada\",\"item\":\"https:\/\/bodegamagalartezamudio.com\/eu\/\"},{\"@type\":\"ListItem\",\"position\":2,\"name\":\"Los or\u00edgenes de Magalarte Zamudio.\"}]},{\"@type\":\"WebSite\",\"@id\":\"https:\/\/bodegamagalartezamudio.com\/#website\",\"url\":\"https:\/\/bodegamagalartezamudio.com\/\",\"name\":\"Magalarte Zamudio\",\"description\":\"Bodega Magalarte Zamudio, productores de txakoli desde hace m\u00e1s de 100 a\u00f1os\",\"publisher\":{\"@id\":\"https:\/\/bodegamagalartezamudio.com\/#organization\"},\"alternateName\":\"bodegamagalartezamudio.com\",\"potentialAction\":[{\"@type\":\"SearchAction\",\"target\":{\"@type\":\"EntryPoint\",\"urlTemplate\":\"https:\/\/bodegamagalartezamudio.com\/?s={search_term_string}\"},\"query-input\":{\"@type\":\"PropertyValueSpecification\",\"valueRequired\":true,\"valueName\":\"search_term_string\"}}],\"inLanguage\":\"eu-ES\"},{\"@type\":\"Organization\",\"@id\":\"https:\/\/bodegamagalartezamudio.com\/#organization\",\"name\":\"Bodega Magalarte Zamudio\",\"url\":\"https:\/\/bodegamagalartezamudio.com\/\",\"logo\":{\"@type\":\"ImageObject\",\"inLanguage\":\"eu-ES\",\"@id\":\"https:\/\/bodegamagalartezamudio.com\/#\/schema\/logo\/image\/\",\"url\":\"https:\/\/bodegamagalartezamudio.com\/wp-content\/uploads\/2018\/09\/Todas-las-botellas-e1536915033137.jpg\",\"contentUrl\":\"https:\/\/bodegamagalartezamudio.com\/wp-content\/uploads\/2018\/09\/Todas-las-botellas-e1536915033137.jpg\",\"width\":1920,\"height\":1280,\"caption\":\"Bodega Magalarte Zamudio\"},\"image\":{\"@id\":\"https:\/\/bodegamagalartezamudio.com\/#\/schema\/logo\/image\/\"},\"sameAs\":[\"https:\/\/www.facebook.com\/magalartezamudio\/\",\"https:\/\/www.instagram.com\/magalartezamudio\/\"]},{\"@type\":\"Person\",\"@id\":\"https:\/\/bodegamagalartezamudio.com\/#\/schema\/person\/d8a6a952eb4e1af924bbbcf72224c6b2\",\"name\":\"magalarte_zamudio\",\"image\":{\"@type\":\"ImageObject\",\"inLanguage\":\"eu-ES\",\"@id\":\"https:\/\/bodegamagalartezamudio.com\/#\/schema\/person\/image\/\",\"url\":\"https:\/\/secure.gravatar.com\/avatar\/dcd8545ffb9e149b482cab62e55ca094?s=96&d=mm&r=g\",\"contentUrl\":\"https:\/\/secure.gravatar.com\/avatar\/dcd8545ffb9e149b482cab62e55ca094?s=96&d=mm&r=g\",\"caption\":\"magalarte_zamudio\"},\"url\":\"https:\/\/bodegamagalartezamudio.com\/eu\/author\/magalarte_zamudio\/\"}]}<\/script>\n<!-- \/ Yoast SEO plugin. -->","yoast_head_json":{"title":"Los or\u00edgenes de Magalarte Zamudio. - Magalarte Zamudio","description":"No podemos datar con una fecha exacta el nacimiento de la bodega. Yodo empez\u00f3 cuando Nikolas Aretxabaleta decidi\u00f3 seguir con el legado de su padre Jos\u00e9","robots":{"index":"index","follow":"follow","max-snippet":"max-snippet:-1","max-image-preview":"max-image-preview:large","max-video-preview":"max-video-preview:-1"},"canonical":"https:\/\/bodegamagalartezamudio.com\/eu\/los-origenes-de-magalarte-zamudio\/","og_locale":"eu_ES","og_type":"article","og_title":"Los or\u00edgenes de Magalarte Zamudio. - Magalarte Zamudio","og_description":"No podemos datar con una fecha exacta el nacimiento de la bodega. Yodo empez\u00f3 cuando Nikolas Aretxabaleta decidi\u00f3 seguir con el legado de su padre Jos\u00e9","og_url":"https:\/\/bodegamagalartezamudio.com\/eu\/los-origenes-de-magalarte-zamudio\/","og_site_name":"Magalarte Zamudio","article_publisher":"https:\/\/www.facebook.com\/magalartezamudio\/","article_published_time":"2018-09-18T08:27:28+00:00","og_image":[{"width":2048,"height":1144,"url":"https:\/\/bodegamagalartezamudio.com\/wp-content\/uploads\/2017\/10\/20645580_430240460709411_7594847240928178421_o.jpg","type":"image\/jpeg"}],"author":"magalarte_zamudio","twitter_card":"summary_large_image","twitter_misc":{"Written by":"magalarte_zamudio","Est. reading time":"2 minutes"},"schema":{"@context":"https:\/\/schema.org","@graph":[{"@type":"Article","@id":"https:\/\/bodegamagalartezamudio.com\/eu\/los-origenes-de-magalarte-zamudio\/#article","isPartOf":{"@id":"https:\/\/bodegamagalartezamudio.com\/eu\/los-origenes-de-magalarte-zamudio\/"},"author":{"name":"magalarte_zamudio","@id":"https:\/\/bodegamagalartezamudio.com\/#\/schema\/person\/d8a6a952eb4e1af924bbbcf72224c6b2"},"headline":"Los or\u00edgenes de Magalarte Zamudio.","datePublished":"2018-09-18T08:27:28+00:00","mainEntityOfPage":{"@id":"https:\/\/bodegamagalartezamudio.com\/eu\/los-origenes-de-magalarte-zamudio\/"},"wordCount":388,"commentCount":0,"publisher":{"@id":"https:\/\/bodegamagalartezamudio.com\/#organization"},"image":{"@id":"https:\/\/bodegamagalartezamudio.com\/eu\/los-origenes-de-magalarte-zamudio\/#primaryimage"},"thumbnailUrl":"https:\/\/bodegamagalartezamudio.com\/wp-content\/uploads\/2017\/10\/20645580_430240460709411_7594847240928178421_o.jpg","keywords":["bilbao","bodega","Magalarte","txakoli","Zamudio"],"articleSection":["Opini\u00f3n"],"inLanguage":"eu-ES"},{"@type":"WebPage","@id":"https:\/\/bodegamagalartezamudio.com\/eu\/los-origenes-de-magalarte-zamudio\/","url":"https:\/\/bodegamagalartezamudio.com\/eu\/los-origenes-de-magalarte-zamudio\/","name":"Los or\u00edgenes de Magalarte Zamudio. - Magalarte Zamudio","isPartOf":{"@id":"https:\/\/bodegamagalartezamudio.com\/#website"},"primaryImageOfPage":{"@id":"https:\/\/bodegamagalartezamudio.com\/eu\/los-origenes-de-magalarte-zamudio\/#primaryimage"},"image":{"@id":"https:\/\/bodegamagalartezamudio.com\/eu\/los-origenes-de-magalarte-zamudio\/#primaryimage"},"thumbnailUrl":"https:\/\/bodegamagalartezamudio.com\/wp-content\/uploads\/2017\/10\/20645580_430240460709411_7594847240928178421_o.jpg","datePublished":"2018-09-18T08:27:28+00:00","description":"No podemos datar con una fecha exacta el nacimiento de la bodega. Yodo empez\u00f3 cuando Nikolas Aretxabaleta decidi\u00f3 seguir con el legado de su padre Jos\u00e9","breadcrumb":{"@id":"https:\/\/bodegamagalartezamudio.com\/eu\/los-origenes-de-magalarte-zamudio\/#breadcrumb"},"inLanguage":"eu-ES","potentialAction":[{"@type":"ReadAction","target":["https:\/\/bodegamagalartezamudio.com\/eu\/los-origenes-de-magalarte-zamudio\/"]}]},{"@type":"ImageObject","inLanguage":"eu-ES","@id":"https:\/\/bodegamagalartezamudio.com\/eu\/los-origenes-de-magalarte-zamudio\/#primaryimage","url":"https:\/\/bodegamagalartezamudio.com\/wp-content\/uploads\/2017\/10\/20645580_430240460709411_7594847240928178421_o.jpg","contentUrl":"https:\/\/bodegamagalartezamudio.com\/wp-content\/uploads\/2017\/10\/20645580_430240460709411_7594847240928178421_o.jpg","width":2048,"height":1144,"caption":"Txakoli Zabalondo Bodega Magalarte Zamudio iglesia"},{"@type":"BreadcrumbList","@id":"https:\/\/bodegamagalartezamudio.com\/eu\/los-origenes-de-magalarte-zamudio\/#breadcrumb","itemListElement":[{"@type":"ListItem","position":1,"name":"Portada","item":"https:\/\/bodegamagalartezamudio.com\/eu\/"},{"@type":"ListItem","position":2,"name":"Los or\u00edgenes de Magalarte Zamudio."}]},{"@type":"WebSite","@id":"https:\/\/bodegamagalartezamudio.com\/#website","url":"https:\/\/bodegamagalartezamudio.com\/","name":"Magalarte Zamudio","description":"Bodega Magalarte Zamudio, productores de txakoli desde hace m\u00e1s de 100 a\u00f1os","publisher":{"@id":"https:\/\/bodegamagalartezamudio.com\/#organization"},"alternateName":"bodegamagalartezamudio.com","potentialAction":[{"@type":"SearchAction","target":{"@type":"EntryPoint","urlTemplate":"https:\/\/bodegamagalartezamudio.com\/?s={search_term_string}"},"query-input":{"@type":"PropertyValueSpecification","valueRequired":true,"valueName":"search_term_string"}}],"inLanguage":"eu-ES"},{"@type":"Organization","@id":"https:\/\/bodegamagalartezamudio.com\/#organization","name":"Bodega Magalarte Zamudio","url":"https:\/\/bodegamagalartezamudio.com\/","logo":{"@type":"ImageObject","inLanguage":"eu-ES","@id":"https:\/\/bodegamagalartezamudio.com\/#\/schema\/logo\/image\/","url":"https:\/\/bodegamagalartezamudio.com\/wp-content\/uploads\/2018\/09\/Todas-las-botellas-e1536915033137.jpg","contentUrl":"https:\/\/bodegamagalartezamudio.com\/wp-content\/uploads\/2018\/09\/Todas-las-botellas-e1536915033137.jpg","width":1920,"height":1280,"caption":"Bodega Magalarte Zamudio"},"image":{"@id":"https:\/\/bodegamagalartezamudio.com\/#\/schema\/logo\/image\/"},"sameAs":["https:\/\/www.facebook.com\/magalartezamudio\/","https:\/\/www.instagram.com\/magalartezamudio\/"]},{"@type":"Person","@id":"https:\/\/bodegamagalartezamudio.com\/#\/schema\/person\/d8a6a952eb4e1af924bbbcf72224c6b2","name":"magalarte_zamudio","image":{"@type":"ImageObject","inLanguage":"eu-ES","@id":"https:\/\/bodegamagalartezamudio.com\/#\/schema\/person\/image\/","url":"https:\/\/secure.gravatar.com\/avatar\/dcd8545ffb9e149b482cab62e55ca094?s=96&d=mm&r=g","contentUrl":"https:\/\/secure.gravatar.com\/avatar\/dcd8545ffb9e149b482cab62e55ca094?s=96&d=mm&r=g","caption":"magalarte_zamudio"},"url":"https:\/\/bodegamagalartezamudio.com\/eu\/author\/magalarte_zamudio\/"}]}},"_links":{"self":[{"href":"https:\/\/bodegamagalartezamudio.com\/eu\/wp-json\/wp\/v2\/posts\/5352","targetHints":{"allow":["GET"]}}],"collection":[{"href":"https:\/\/bodegamagalartezamudio.com\/eu\/wp-json\/wp\/v2\/posts"}],"about":[{"href":"https:\/\/bodegamagalartezamudio.com\/eu\/wp-json\/wp\/v2\/types\/post"}],"author":[{"embeddable":true,"href":"https:\/\/bodegamagalartezamudio.com\/eu\/wp-json\/wp\/v2\/users\/1"}],"replies":[{"embeddable":true,"href":"https:\/\/bodegamagalartezamudio.com\/eu\/wp-json\/wp\/v2\/comments?post=5352"}],"version-history":[{"count":0,"href":"https:\/\/bodegamagalartezamudio.com\/eu\/wp-json\/wp\/v2\/posts\/5352\/revisions"}],"wp:featuredmedia":[{"embeddable":true,"href":"https:\/\/bodegamagalartezamudio.com\/eu\/wp-json\/wp\/v2\/media\/5090"}],"wp:attachment":[{"href":"https:\/\/bodegamagalartezamudio.com\/eu\/wp-json\/wp\/v2\/media?parent=5352"}],"wp:term":[{"taxonomy":"category","embeddable":true,"href":"https:\/\/bodegamagalartezamudio.com\/eu\/wp-json\/wp\/v2\/categories?post=5352"},{"taxonomy":"post_tag","embeddable":true,"href":"https:\/\/bodegamagalartezamudio.com\/eu\/wp-json\/wp\/v2\/tags?post=5352"}],"curies":[{"name":"wp","href":"https:\/\/api.w.org\/{rel}","templated":true}]}}